{"id":3458,"date":"2022-08-30T11:18:23","date_gmt":"2022-08-30T09:18:23","guid":{"rendered":"https:\/\/www.ghislainegarcin.fr\/?p=3458"},"modified":"2025-06-02T12:48:18","modified_gmt":"2025-06-02T10:48:18","slug":"showroom-oh-my-laine","status":"publish","type":"post","link":"https:\/\/www.ghislainegarcin.fr\/en\/showroom-oh-my-laine\/","title":{"rendered":"SHOWROOM OH MY LAINE!"},"content":{"rendered":"<div data-elementor-type=\"wp-post\" data-elementor-id=\"3458\" class=\"elementor elementor-3458\">\n\t\t\t\t\t\t<section class=\"elementor-section elementor-top-section elementor-element elementor-element-3210817 elementor-section-boxed elementor-section-height-default elementor-section-height-default\" data-id=\"3210817\" data-element_type=\"section\">\n\t\t\t\t\t\t<div class=\"elementor-container elementor-column-gap-default\">\n\t\t\t\t\t<div class=\"elementor-column elementor-col-100 elementor-top-column elementor-element elementor-element-ec38849\" data-id=\"ec38849\" data-element_type=\"column\">\n\t\t\t<div class=\"elementor-widget-wrap elementor-element-populated\">\n\t\t\t\t\t\t<div class=\"elementor-element elementor-element-740f0a7 elementor-widget elementor-widget-text-editor\" data-id=\"740f0a7\" data-element_type=\"widget\" data-widget_type=\"text-editor.default\">\n\t\t\t\t<div class=\"elementor-widget-container\">\n\t\t\t\t\t\t\t\t\t<p>Amoureux de laine et passionn\u00e9s de d\u00e9co, \u00e0 vos agendas !<\/p><p style=\"text-size-adjust: 100%; color: #000000; font-family: Helvetica; font-size: 12px; margin-right: 0px; margin-bottom: 10px; margin-left: 0px; line-height: 20px;\">LAINAMAC et les quatorze entreprises ambassadrices de la fili\u00e8re laine, dont j&rsquo;ai le plaisir de faire partie, vous invitent \u00e0 venir d\u00e9couvrir nos savoir-faire lors du showroom \u00e9ph\u00e8m\u00e8re\u00a0<strong>OH MY LAINE!<\/strong>\u00a0qui se tiendra durant la Paris Design week.<\/p><p style=\"text-size-adjust: 100%; color: #000000; font-family: Helvetica; font-size: 12px; margin-right: 0px; margin-bottom: 10px; margin-left: 0px; line-height: 20px;\"><span style=\"color: #d35400; font-size: 14px;\"><strong>JOURNEE PROFESSIONNELLE DEDIEE PRESSE\u00a0<\/strong><\/span><span style=\"color: #d35400; font-size: 14px;\">MERCREDI 7 SEPTEMBRE A PARTIR DE 11H<\/span><span style=\"color: #d35400; font-size: 14px;\">\u00a0<\/span><\/p><p style=\"text-size-adjust: 100%; color: #000000; font-family: Helvetica; font-size: 12px; margin-right: 0px; margin-bottom: 10px; margin-left: 0px; line-height: 20px;\"><span style=\"font-weight: bolder; color: #d35400; font-size: 14px;\">SOIREE PROFESSIONNELLE DECORATEURS\u00a0<\/span><span style=\"font-size: 14px; color: #d35400;\">MERCREDI 7 SEPTEMBRE A PARTIR DE 18H<\/span><span style=\"font-size: 14px; color: #d35400;\">\u00a0<\/span><\/p><p style=\"text-size-adjust: 100%; color: #000000; font-family: Helvetica; font-size: 12px; margin-right: 0px; margin-bottom: 10px; margin-left: 0px; line-height: 20px;\"><span style=\"color: #d35400; font-size: 14px;\"><strong>INAUGURATION<\/strong>\u00a0SAMEDI 10 SEPTEMBRE A PARTIR DE 11H\u00a0<\/span><\/p><p style=\"text-size-adjust: 100%; color: #000000; font-family: Helvetica; font-size: 12px; margin-right: 0px; margin-bottom: 10px; margin-left: 0px; line-height: 20px;\"><strong>Au programme<\/strong>, une pr\u00e9sentation sc\u00e9nographi\u00e9e de cr\u00e9ations singuli\u00e8res et design. Des rencontres avec des artisans d&rsquo;art mus par des valeurs d&rsquo;exigence et de responsabilit\u00e9. Une r\u00e9flexion autour du renouveau des techniques ancestrales made in France.<\/p><p style=\"text-size-adjust: 100%; color: #000000; font-family: Helvetica; font-size: 12px; margin-right: 0px; margin-bottom: 10px; margin-left: 0px; line-height: 20px;\">Venez nous rencontrer\u00a0 du 7 au 17 septembre, \u00e0 la Galerie Joseph 51 rue de Turenne Paris 3.<\/p>\t\t\t\t\t\t\t\t<\/div>\n\t\t\t\t<\/div>\n\t\t\t\t\t<\/div>\n\t\t<\/div>\n\t\t\t\t\t<\/div>\n\t\t<\/section>\n\t\t\t\t<\/div>","protected":false},"excerpt":{"rendered":"<p>Amoureux de laine et passionn\u00e9s de d\u00e9co, \u00e0 vos agendas ! LAINAMAC et les quatorze entreprises ambassadrices de la fili\u00e8re laine, dont j&rsquo;ai le plaisir de faire partie, vous invitent \u00e0 venir d\u00e9couvrir nos savoir-faire lors du showroom \u00e9ph\u00e8m\u00e8re&nbsp;OH MY LAINE!&nbsp;qui se tiendra durant la Paris Design week. JOURNEE PROFESSIONNELLE DEDIEE PRESSE&nbsp;MERCREDI 7 SEPTEMBRE A &hellip; <\/p>","protected":false},"author":1,"featured_media":3463,"comment_status":"closed","ping_status":"closed","sticky":false,"template":"","format":"standard","meta":{"footnotes":""},"categories":[3],"tags":[],"yoast_head":"<!-- This site is optimized with the Yoast SEO plugin v23.5 - https:\/\/yoast.com\/wordpress\/plugins\/seo\/ -->\n<title>Ghislaine Garcin SHOWROOM OH MY LAINE!<\/title>\n<meta name=\"description\" content=\"Un showroom professionnel pr\u00e9sentera les travaux des sept marques ambassadrices de la laine issues du secteur de la d\u00e9coration et du fait-main, retenues pour leur cr\u00e9ativit\u00e9, leur savoir-faire et leur attention \u00e0 l&#039;origine des mati\u00e8res premi\u00e8res.\" \/>\n<meta name=\"robots\" content=\"index, follow, max-snippet:-1, max-image-preview:large, max-video-preview:-1\" \/>\n<link rel=\"canonical\" href=\"https:\/\/www.ghislainegarcin.fr\/en\/showroom-oh-my-laine\/\" \/>\n<meta property=\"og:locale\" content=\"en_GB\" \/>\n<meta property=\"og:type\" content=\"article\" \/>\n<meta property=\"og:title\" content=\"Ghislaine Garcin SHOWROOM OH MY LAINE!\" \/>\n<meta property=\"og:description\" content=\"Un showroom professionnel pr\u00e9sentera les travaux des sept marques ambassadrices de la laine issues du secteur de la d\u00e9coration et du fait-main, retenues pour leur cr\u00e9ativit\u00e9, leur savoir-faire et leur attention \u00e0 l&#039;origine des mati\u00e8res premi\u00e8res.\" \/>\n<meta property=\"og:url\" content=\"https:\/\/www.ghislainegarcin.fr\/en\/showroom-oh-my-laine\/\" \/>\n<meta property=\"og:site_name\" content=\"Ghislaine Garcin\" \/>\n<meta property=\"article:publisher\" content=\"https:\/\/www.facebook.com\/ghislainegarcin.creationstextiles\/\" \/>\n<meta property=\"article:published_time\" content=\"2022-08-30T09:18:23+00:00\" \/>\n<meta property=\"article:modified_time\" content=\"2025-06-02T10:48:18+00:00\" \/>\n<meta property=\"og:image\" content=\"https:\/\/www.ghislainegarcin.fr\/wp-content\/uploads\/2022\/08\/GRAND-PUBLIC_INVITATION-SHOWROOM-OML2022-copie-2.jpg\" \/>\n\t<meta property=\"og:image:width\" content=\"874\" \/>\n\t<meta property=\"og:image:height\" content=\"1240\" \/>\n\t<meta property=\"og:image:type\" content=\"image\/jpeg\" \/>\n<meta name=\"author\" content=\"GHISLAINE GARCIN\" \/>\n<meta name=\"twitter:card\" content=\"summary_large_image\" \/>\n<meta name=\"twitter:label1\" content=\"Written by\" \/>\n\t<meta name=\"twitter:data1\" content=\"GHISLAINE GARCIN\" \/>\n\t<meta name=\"twitter:label2\" content=\"Estimated reading time\" \/>\n\t<meta name=\"twitter:data2\" content=\"1 minute\" \/>\n<script type=\"application\/ld+json\" class=\"yoast-schema-graph\">{\"@context\":\"https:\/\/schema.org\",\"@graph\":[{\"@type\":\"Article\",\"@id\":\"https:\/\/www.ghislainegarcin.fr\/showroom-oh-my-laine\/#article\",\"isPartOf\":{\"@id\":\"https:\/\/www.ghislainegarcin.fr\/showroom-oh-my-laine\/\"},\"author\":{\"name\":\"GHISLAINE GARCIN\",\"@id\":\"https:\/\/www.ghislainegarcin.fr\/#\/schema\/person\/c642a6744de68b2102a53869327c18df\"},\"headline\":\"SHOWROOM OH MY LAINE!\",\"datePublished\":\"2022-08-30T09:18:23+00:00\",\"dateModified\":\"2025-06-02T10:48:18+00:00\",\"mainEntityOfPage\":{\"@id\":\"https:\/\/www.ghislainegarcin.fr\/showroom-oh-my-laine\/\"},\"wordCount\":146,\"publisher\":{\"@id\":\"https:\/\/www.ghislainegarcin.fr\/#organization\"},\"image\":{\"@id\":\"https:\/\/www.ghislainegarcin.fr\/showroom-oh-my-laine\/#primaryimage\"},\"thumbnailUrl\":\"https:\/\/www.ghislainegarcin.fr\/wp-content\/uploads\/2022\/08\/GRAND-PUBLIC_INVITATION-SHOWROOM-OML2022-copie-2.jpg\",\"articleSection\":[\"Actualit\u00e9s\"],\"inLanguage\":\"en-GB\"},{\"@type\":\"WebPage\",\"@id\":\"https:\/\/www.ghislainegarcin.fr\/showroom-oh-my-laine\/\",\"url\":\"https:\/\/www.ghislainegarcin.fr\/showroom-oh-my-laine\/\",\"name\":\"Ghislaine Garcin SHOWROOM OH MY LAINE!\",\"isPartOf\":{\"@id\":\"https:\/\/www.ghislainegarcin.fr\/#website\"},\"primaryImageOfPage\":{\"@id\":\"https:\/\/www.ghislainegarcin.fr\/showroom-oh-my-laine\/#primaryimage\"},\"image\":{\"@id\":\"https:\/\/www.ghislainegarcin.fr\/showroom-oh-my-laine\/#primaryimage\"},\"thumbnailUrl\":\"https:\/\/www.ghislainegarcin.fr\/wp-content\/uploads\/2022\/08\/GRAND-PUBLIC_INVITATION-SHOWROOM-OML2022-copie-2.jpg\",\"datePublished\":\"2022-08-30T09:18:23+00:00\",\"dateModified\":\"2025-06-02T10:48:18+00:00\",\"description\":\"Un showroom professionnel pr\u00e9sentera les travaux des sept marques ambassadrices de la laine issues du secteur de la d\u00e9coration et du fait-main, retenues pour leur cr\u00e9ativit\u00e9, leur savoir-faire et leur attention \u00e0 l'origine des mati\u00e8res premi\u00e8res.\",\"breadcrumb\":{\"@id\":\"https:\/\/www.ghislainegarcin.fr\/showroom-oh-my-laine\/#breadcrumb\"},\"inLanguage\":\"en-GB\",\"potentialAction\":[{\"@type\":\"ReadAction\",\"target\":[\"https:\/\/www.ghislainegarcin.fr\/showroom-oh-my-laine\/\"]}]},{\"@type\":\"ImageObject\",\"inLanguage\":\"en-GB\",\"@id\":\"https:\/\/www.ghislainegarcin.fr\/showroom-oh-my-laine\/#primaryimage\",\"url\":\"https:\/\/www.ghislainegarcin.fr\/wp-content\/uploads\/2022\/08\/GRAND-PUBLIC_INVITATION-SHOWROOM-OML2022-copie-2.jpg\",\"contentUrl\":\"https:\/\/www.ghislainegarcin.fr\/wp-content\/uploads\/2022\/08\/GRAND-PUBLIC_INVITATION-SHOWROOM-OML2022-copie-2.jpg\",\"width\":874,\"height\":1240},{\"@type\":\"BreadcrumbList\",\"@id\":\"https:\/\/www.ghislainegarcin.fr\/showroom-oh-my-laine\/#breadcrumb\",\"itemListElement\":[{\"@type\":\"ListItem\",\"position\":1,\"name\":\"Accueil\",\"item\":\"https:\/\/www.ghislainegarcin.fr\/\"},{\"@type\":\"ListItem\",\"position\":2,\"name\":\"SHOWROOM OH MY LAINE!\"}]},{\"@type\":\"WebSite\",\"@id\":\"https:\/\/www.ghislainegarcin.fr\/#website\",\"url\":\"https:\/\/www.ghislainegarcin.fr\/\",\"name\":\"Ghislaine Garcin\",\"description\":\"feutre art textile\",\"publisher\":{\"@id\":\"https:\/\/www.ghislainegarcin.fr\/#organization\"},\"potentialAction\":[{\"@type\":\"SearchAction\",\"target\":{\"@type\":\"EntryPoint\",\"urlTemplate\":\"https:\/\/www.ghislainegarcin.fr\/?s={search_term_string}\"},\"query-input\":{\"@type\":\"PropertyValueSpecification\",\"valueRequired\":true,\"valueName\":\"search_term_string\"}}],\"inLanguage\":\"en-GB\"},{\"@type\":\"Organization\",\"@id\":\"https:\/\/www.ghislainegarcin.fr\/#organization\",\"name\":\"Ghislaine Garcin\",\"url\":\"https:\/\/www.ghislainegarcin.fr\/\",\"logo\":{\"@type\":\"ImageObject\",\"inLanguage\":\"en-GB\",\"@id\":\"https:\/\/www.ghislainegarcin.fr\/#\/schema\/logo\/image\/\",\"url\":\"https:\/\/www.ghislainegarcin.fr\/wp-content\/uploads\/2025\/10\/cropped-newlogofeutrearttextileBD.jpg\",\"contentUrl\":\"https:\/\/www.ghislainegarcin.fr\/wp-content\/uploads\/2025\/10\/cropped-newlogofeutrearttextileBD.jpg\",\"width\":384,\"height\":108,\"caption\":\"Ghislaine Garcin\"},\"image\":{\"@id\":\"https:\/\/www.ghislainegarcin.fr\/#\/schema\/logo\/image\/\"},\"sameAs\":[\"https:\/\/www.facebook.com\/ghislainegarcin.creationstextiles\/\",\"https:\/\/www.instagram.com\/ghislainegarcin\/\",\"https:\/\/www.linkedin.com\/in\/ghislainegarcin\/\"]},{\"@type\":\"Person\",\"@id\":\"https:\/\/www.ghislainegarcin.fr\/#\/schema\/person\/c642a6744de68b2102a53869327c18df\",\"name\":\"GHISLAINE GARCIN\",\"image\":{\"@type\":\"ImageObject\",\"inLanguage\":\"en-GB\",\"@id\":\"https:\/\/www.ghislainegarcin.fr\/#\/schema\/person\/image\/\",\"url\":\"https:\/\/secure.gravatar.com\/avatar\/b4bfd955b060a9b0fa034c2b6fcfdc41?s=96&d=mm&r=g\",\"contentUrl\":\"https:\/\/secure.gravatar.com\/avatar\/b4bfd955b060a9b0fa034c2b6fcfdc41?s=96&d=mm&r=g\",\"caption\":\"GHISLAINE GARCIN\"},\"url\":\"https:\/\/www.ghislainegarcin.fr\/en\/author\/admin\/\"}]}<\/script>\n<!-- \/ Yoast SEO plugin. -->","yoast_head_json":{"title":"Ghislaine Garcin SHOWROOM OH MY LAINE!","description":"Un showroom professionnel pr\u00e9sentera les travaux des sept marques ambassadrices de la laine issues du secteur de la d\u00e9coration et du fait-main, retenues pour leur cr\u00e9ativit\u00e9, leur savoir-faire et leur attention \u00e0 l'origine des mati\u00e8res premi\u00e8res.","robots":{"index":"index","follow":"follow","max-snippet":"max-snippet:-1","max-image-preview":"max-image-preview:large","max-video-preview":"max-video-preview:-1"},"canonical":"https:\/\/www.ghislainegarcin.fr\/en\/showroom-oh-my-laine\/","og_locale":"en_GB","og_type":"article","og_title":"Ghislaine Garcin SHOWROOM OH MY LAINE!","og_description":"Un showroom professionnel pr\u00e9sentera les travaux des sept marques ambassadrices de la laine issues du secteur de la d\u00e9coration et du fait-main, retenues pour leur cr\u00e9ativit\u00e9, leur savoir-faire et leur attention \u00e0 l'origine des mati\u00e8res premi\u00e8res.","og_url":"https:\/\/www.ghislainegarcin.fr\/en\/showroom-oh-my-laine\/","og_site_name":"Ghislaine Garcin","article_publisher":"https:\/\/www.facebook.com\/ghislainegarcin.creationstextiles\/","article_published_time":"2022-08-30T09:18:23+00:00","article_modified_time":"2025-06-02T10:48:18+00:00","og_image":[{"width":874,"height":1240,"url":"https:\/\/www.ghislainegarcin.fr\/wp-content\/uploads\/2022\/08\/GRAND-PUBLIC_INVITATION-SHOWROOM-OML2022-copie-2.jpg","type":"image\/jpeg"}],"author":"GHISLAINE GARCIN","twitter_card":"summary_large_image","twitter_misc":{"Written by":"GHISLAINE GARCIN","Estimated reading time":"1 minute"},"schema":{"@context":"https:\/\/schema.org","@graph":[{"@type":"Article","@id":"https:\/\/www.ghislainegarcin.fr\/showroom-oh-my-laine\/#article","isPartOf":{"@id":"https:\/\/www.ghislainegarcin.fr\/showroom-oh-my-laine\/"},"author":{"name":"GHISLAINE GARCIN","@id":"https:\/\/www.ghislainegarcin.fr\/#\/schema\/person\/c642a6744de68b2102a53869327c18df"},"headline":"SHOWROOM OH MY LAINE!","datePublished":"2022-08-30T09:18:23+00:00","dateModified":"2025-06-02T10:48:18+00:00","mainEntityOfPage":{"@id":"https:\/\/www.ghislainegarcin.fr\/showroom-oh-my-laine\/"},"wordCount":146,"publisher":{"@id":"https:\/\/www.ghislainegarcin.fr\/#organization"},"image":{"@id":"https:\/\/www.ghislainegarcin.fr\/showroom-oh-my-laine\/#primaryimage"},"thumbnailUrl":"https:\/\/www.ghislainegarcin.fr\/wp-content\/uploads\/2022\/08\/GRAND-PUBLIC_INVITATION-SHOWROOM-OML2022-copie-2.jpg","articleSection":["Actualit\u00e9s"],"inLanguage":"en-GB"},{"@type":"WebPage","@id":"https:\/\/www.ghislainegarcin.fr\/showroom-oh-my-laine\/","url":"https:\/\/www.ghislainegarcin.fr\/showroom-oh-my-laine\/","name":"Ghislaine Garcin SHOWROOM OH MY LAINE!","isPartOf":{"@id":"https:\/\/www.ghislainegarcin.fr\/#website"},"primaryImageOfPage":{"@id":"https:\/\/www.ghislainegarcin.fr\/showroom-oh-my-laine\/#primaryimage"},"image":{"@id":"https:\/\/www.ghislainegarcin.fr\/showroom-oh-my-laine\/#primaryimage"},"thumbnailUrl":"https:\/\/www.ghislainegarcin.fr\/wp-content\/uploads\/2022\/08\/GRAND-PUBLIC_INVITATION-SHOWROOM-OML2022-copie-2.jpg","datePublished":"2022-08-30T09:18:23+00:00","dateModified":"2025-06-02T10:48:18+00:00","description":"Un showroom professionnel pr\u00e9sentera les travaux des sept marques ambassadrices de la laine issues du secteur de la d\u00e9coration et du fait-main, retenues pour leur cr\u00e9ativit\u00e9, leur savoir-faire et leur attention \u00e0 l'origine des mati\u00e8res premi\u00e8res.","breadcrumb":{"@id":"https:\/\/www.ghislainegarcin.fr\/showroom-oh-my-laine\/#breadcrumb"},"inLanguage":"en-GB","potentialAction":[{"@type":"ReadAction","target":["https:\/\/www.ghislainegarcin.fr\/showroom-oh-my-laine\/"]}]},{"@type":"ImageObject","inLanguage":"en-GB","@id":"https:\/\/www.ghislainegarcin.fr\/showroom-oh-my-laine\/#primaryimage","url":"https:\/\/www.ghislainegarcin.fr\/wp-content\/uploads\/2022\/08\/GRAND-PUBLIC_INVITATION-SHOWROOM-OML2022-copie-2.jpg","contentUrl":"https:\/\/www.ghislainegarcin.fr\/wp-content\/uploads\/2022\/08\/GRAND-PUBLIC_INVITATION-SHOWROOM-OML2022-copie-2.jpg","width":874,"height":1240},{"@type":"BreadcrumbList","@id":"https:\/\/www.ghislainegarcin.fr\/showroom-oh-my-laine\/#breadcrumb","itemListElement":[{"@type":"ListItem","position":1,"name":"Accueil","item":"https:\/\/www.ghislainegarcin.fr\/"},{"@type":"ListItem","position":2,"name":"SHOWROOM OH MY LAINE!"}]},{"@type":"WebSite","@id":"https:\/\/www.ghislainegarcin.fr\/#website","url":"https:\/\/www.ghislainegarcin.fr\/","name":"Ghislaine Garcin","description":"feutre art textile","publisher":{"@id":"https:\/\/www.ghislainegarcin.fr\/#organization"},"potentialAction":[{"@type":"SearchAction","target":{"@type":"EntryPoint","urlTemplate":"https:\/\/www.ghislainegarcin.fr\/?s={search_term_string}"},"query-input":{"@type":"PropertyValueSpecification","valueRequired":true,"valueName":"search_term_string"}}],"inLanguage":"en-GB"},{"@type":"Organization","@id":"https:\/\/www.ghislainegarcin.fr\/#organization","name":"Ghislaine Garcin","url":"https:\/\/www.ghislainegarcin.fr\/","logo":{"@type":"ImageObject","inLanguage":"en-GB","@id":"https:\/\/www.ghislainegarcin.fr\/#\/schema\/logo\/image\/","url":"https:\/\/www.ghislainegarcin.fr\/wp-content\/uploads\/2025\/10\/cropped-newlogofeutrearttextileBD.jpg","contentUrl":"https:\/\/www.ghislainegarcin.fr\/wp-content\/uploads\/2025\/10\/cropped-newlogofeutrearttextileBD.jpg","width":384,"height":108,"caption":"Ghislaine Garcin"},"image":{"@id":"https:\/\/www.ghislainegarcin.fr\/#\/schema\/logo\/image\/"},"sameAs":["https:\/\/www.facebook.com\/ghislainegarcin.creationstextiles\/","https:\/\/www.instagram.com\/ghislainegarcin\/","https:\/\/www.linkedin.com\/in\/ghislainegarcin\/"]},{"@type":"Person","@id":"https:\/\/www.ghislainegarcin.fr\/#\/schema\/person\/c642a6744de68b2102a53869327c18df","name":"GHISLAINE GARCIN","image":{"@type":"ImageObject","inLanguage":"en-GB","@id":"https:\/\/www.ghislainegarcin.fr\/#\/schema\/person\/image\/","url":"https:\/\/secure.gravatar.com\/avatar\/b4bfd955b060a9b0fa034c2b6fcfdc41?s=96&d=mm&r=g","contentUrl":"https:\/\/secure.gravatar.com\/avatar\/b4bfd955b060a9b0fa034c2b6fcfdc41?s=96&d=mm&r=g","caption":"GHISLAINE GARCIN"},"url":"https:\/\/www.ghislainegarcin.fr\/en\/author\/admin\/"}]}},"_links":{"self":[{"href":"https:\/\/www.ghislainegarcin.fr\/en\/wp-json\/wp\/v2\/posts\/3458"}],"collection":[{"href":"https:\/\/www.ghislainegarcin.fr\/en\/wp-json\/wp\/v2\/posts"}],"about":[{"href":"https:\/\/www.ghislainegarcin.fr\/en\/wp-json\/wp\/v2\/types\/post"}],"author":[{"embeddable":true,"href":"https:\/\/www.ghislainegarcin.fr\/en\/wp-json\/wp\/v2\/users\/1"}],"replies":[{"embeddable":true,"href":"https:\/\/www.ghislainegarcin.fr\/en\/wp-json\/wp\/v2\/comments?post=3458"}],"version-history":[{"count":5,"href":"https:\/\/www.ghislainegarcin.fr\/en\/wp-json\/wp\/v2\/posts\/3458\/revisions"}],"predecessor-version":[{"id":3465,"href":"https:\/\/www.ghislainegarcin.fr\/en\/wp-json\/wp\/v2\/posts\/3458\/revisions\/3465"}],"wp:featuredmedia":[{"embeddable":true,"href":"https:\/\/www.ghislainegarcin.fr\/en\/wp-json\/wp\/v2\/media\/3463"}],"wp:attachment":[{"href":"https:\/\/www.ghislainegarcin.fr\/en\/wp-json\/wp\/v2\/media?parent=3458"}],"wp:term":[{"taxonomy":"category","embeddable":true,"href":"https:\/\/www.ghislainegarcin.fr\/en\/wp-json\/wp\/v2\/categories?post=3458"},{"taxonomy":"post_tag","embeddable":true,"href":"https:\/\/www.ghislainegarcin.fr\/en\/wp-json\/wp\/v2\/tags?post=3458"}],"curies":[{"name":"wp","href":"https:\/\/api.w.org\/{rel}","templated":true}]}}