{"id":4882,"date":"2025-10-14T13:58:58","date_gmt":"2025-10-14T11:58:58","guid":{"rendered":"https:\/\/www.ghislainegarcin.fr\/?p=4882"},"modified":"2025-10-15T09:39:12","modified_gmt":"2025-10-15T07:39:12","slug":"salon-revelations","status":"publish","type":"post","link":"https:\/\/www.ghislainegarcin.fr\/en\/salon-revelations\/","title":{"rendered":"R\u00e9v\u00e9lations, Grand Palais, Paris mai 2025"},"content":{"rendered":"<div data-elementor-type=\"wp-post\" data-elementor-id=\"4882\" class=\"elementor elementor-4882\">\n\t\t\t\t\t\t<section class=\"elementor-section elementor-top-section elementor-element elementor-element-3210817 elementor-section-boxed elementor-section-height-default elementor-section-height-default\" data-id=\"3210817\" data-element_type=\"section\">\n\t\t\t\t\t\t<div class=\"elementor-container elementor-column-gap-default\">\n\t\t\t\t\t<div class=\"elementor-column elementor-col-100 elementor-top-column elementor-element elementor-element-ec38849\" data-id=\"ec38849\" data-element_type=\"column\">\n\t\t\t<div class=\"elementor-widget-wrap elementor-element-populated\">\n\t\t\t\t\t\t<div class=\"elementor-element elementor-element-740f0a7 elementor-widget elementor-widget-text-editor\" data-id=\"740f0a7\" data-element_type=\"widget\" data-widget_type=\"text-editor.default\">\n\t\t\t\t<div class=\"elementor-widget-container\">\n\t\t\t\t\t\t\t\t\t<p>Une immersion au c\u0153ur de l\u2019artisanat d\u2019art sous la verri\u00e8re du Grand Palais !<br \/>\u00a0550 exposants, venus du monde entier, ont partag\u00e9 leur passion et leur savoir-faire.<\/p><table class=\"paragraph_block block-3\" role=\"presentation\" border=\"0\" width=\"100%\" cellspacing=\"0\" cellpadding=\"0\"><tbody><tr><td class=\"pad\"><div><p>Cette ann\u00e9e encore, la programmation de la <a href=\"http:\/\/r.newsletter.ateliersdart.com\/mk\/cl\/f\/sh\/SMK1E8tHeGgDzQ6zcV5IyNnaRVZq\/2AKq-7ENFJqS\" target=\"_blank\" rel=\"noopener\"><strong>biennale R\u00e9v\u00e9lations<\/strong><\/a> a mis en lumi\u00e8re de nombreux enjeux, confirmant ainsi son r\u00f4le d\u2019<strong>espace de r\u00e9flexions et de d\u00e9bats pour le secteur des m\u00e9tiers d\u2019art sur la sc\u00e8ne internationale<\/strong>. L\u2019ensemble des conf\u00e9rences est disponible en podcast et est \u00e0 (re)d\u00e9couvrir\u00a0en ligne : <strong><a href=\"http:\/\/r.newsletter.ateliersdart.com\/mk\/cl\/f\/sh\/SMK1E8tHeGn5RYvwnfEn4D6KPoA6\/jEBKMGskhNVq\">Peuples autochtones, h\u00e9ritiers d\u2019une diversit\u00e9 culturelle et artistique \u00e0 pr\u00e9server<\/a>, <a href=\"http:\/\/r.newsletter.ateliersdart.com\/mk\/cl\/f\/sh\/SMK1E8tHeGtwthktypOHA2P4O6kM\/fcvyKKaPqF_F\">L\u2019artisanat d\u2019art fran\u00e7ais \u00e0 la conqu\u00eate du march\u00e9 nord-am\u00e9ricain<\/a><\/strong>\u2026<\/p><\/div><\/td><\/tr><\/tbody><\/table>\t\t\t\t\t\t\t\t<\/div>\n\t\t\t\t<\/div>\n\t\t\t\t\t<\/div>\n\t\t<\/div>\n\t\t\t\t\t<\/div>\n\t\t<\/section>\n\t\t\t\t<\/div>","protected":false},"excerpt":{"rendered":"<p>Une immersion au c\u0153ur de l\u2019artisanat d\u2019art sous la verri\u00e8re du Grand Palais !\u00a0550 exposants, venus du monde entier, ont partag\u00e9 leur passion et leur savoir-faire. Cette ann\u00e9e encore, la programmation de la biennale R\u00e9v\u00e9lations a mis en lumi\u00e8re de nombreux enjeux, confirmant ainsi son r\u00f4le d\u2019espace de r\u00e9flexions et de d\u00e9bats pour le secteur &hellip; <\/p>","protected":false},"author":1,"featured_media":4883,"comment_status":"closed","ping_status":"closed","sticky":false,"template":"","format":"standard","meta":{"footnotes":""},"categories":[3],"tags":[],"yoast_head":"<!-- This site is optimized with the Yoast SEO plugin v23.5 - https:\/\/yoast.com\/wordpress\/plugins\/seo\/ -->\n<title>Ghislaine Garcin R\u00e9v\u00e9lations, Grand Palais, Paris mai 2025 Actualit\u00e9s<\/title>\n<meta name=\"description\" content=\"21&gt;25 mai Paris, Biennale R\u00e9v\u00e9lations, sous la verri\u00e8re du Grand Palais.\" \/>\n<meta name=\"robots\" content=\"index, follow, max-snippet:-1, max-image-preview:large, max-video-preview:-1\" \/>\n<link rel=\"canonical\" href=\"https:\/\/www.ghislainegarcin.fr\/en\/salon-revelations\/\" \/>\n<meta property=\"og:locale\" content=\"en_GB\" \/>\n<meta property=\"og:type\" content=\"article\" \/>\n<meta property=\"og:title\" content=\"Ghislaine Garcin R\u00e9v\u00e9lations, Grand Palais, Paris mai 2025 Actualit\u00e9s\" \/>\n<meta property=\"og:description\" content=\"21&gt;25 mai Paris, Biennale R\u00e9v\u00e9lations, sous la verri\u00e8re du Grand Palais.\" \/>\n<meta property=\"og:url\" content=\"https:\/\/www.ghislainegarcin.fr\/en\/salon-revelations\/\" \/>\n<meta property=\"og:site_name\" content=\"Ghislaine Garcin\" \/>\n<meta property=\"article:publisher\" content=\"https:\/\/www.facebook.com\/ghislainegarcin.creationstextiles\/\" \/>\n<meta property=\"article:published_time\" content=\"2025-10-14T11:58:58+00:00\" \/>\n<meta property=\"article:modified_time\" content=\"2025-10-15T07:39:12+00:00\" \/>\n<meta property=\"og:image\" content=\"https:\/\/www.ghislainegarcin.fr\/wp-content\/uploads\/2025\/10\/standlogo.jpg\" \/>\n\t<meta property=\"og:image:width\" content=\"1200\" \/>\n\t<meta property=\"og:image:height\" content=\"1427\" \/>\n\t<meta property=\"og:image:type\" content=\"image\/jpeg\" \/>\n<meta name=\"author\" content=\"GHISLAINE GARCIN\" \/>\n<meta name=\"twitter:card\" content=\"summary_large_image\" \/>\n<meta name=\"twitter:label1\" content=\"Written by\" \/>\n\t<meta name=\"twitter:data1\" content=\"GHISLAINE GARCIN\" \/>\n\t<meta name=\"twitter:label2\" content=\"Estimated reading time\" \/>\n\t<meta name=\"twitter:data2\" content=\"1 minute\" \/>\n<script type=\"application\/ld+json\" class=\"yoast-schema-graph\">{\"@context\":\"https:\/\/schema.org\",\"@graph\":[{\"@type\":\"Article\",\"@id\":\"https:\/\/www.ghislainegarcin.fr\/salon-revelations\/#article\",\"isPartOf\":{\"@id\":\"https:\/\/www.ghislainegarcin.fr\/salon-revelations\/\"},\"author\":{\"name\":\"GHISLAINE GARCIN\",\"@id\":\"https:\/\/www.ghislainegarcin.fr\/#\/schema\/person\/c642a6744de68b2102a53869327c18df\"},\"headline\":\"R\u00e9v\u00e9lations, Grand Palais, Paris mai 2025\",\"datePublished\":\"2025-10-14T11:58:58+00:00\",\"dateModified\":\"2025-10-15T07:39:12+00:00\",\"mainEntityOfPage\":{\"@id\":\"https:\/\/www.ghislainegarcin.fr\/salon-revelations\/\"},\"wordCount\":124,\"publisher\":{\"@id\":\"https:\/\/www.ghislainegarcin.fr\/#organization\"},\"image\":{\"@id\":\"https:\/\/www.ghislainegarcin.fr\/salon-revelations\/#primaryimage\"},\"thumbnailUrl\":\"https:\/\/www.ghislainegarcin.fr\/wp-content\/uploads\/2025\/10\/standlogo.jpg\",\"articleSection\":[\"Actualit\u00e9s\"],\"inLanguage\":\"en-GB\"},{\"@type\":\"WebPage\",\"@id\":\"https:\/\/www.ghislainegarcin.fr\/salon-revelations\/\",\"url\":\"https:\/\/www.ghislainegarcin.fr\/salon-revelations\/\",\"name\":\"Ghislaine Garcin R\u00e9v\u00e9lations, Grand Palais, Paris mai 2025 Actualit\u00e9s\",\"isPartOf\":{\"@id\":\"https:\/\/www.ghislainegarcin.fr\/#website\"},\"primaryImageOfPage\":{\"@id\":\"https:\/\/www.ghislainegarcin.fr\/salon-revelations\/#primaryimage\"},\"image\":{\"@id\":\"https:\/\/www.ghislainegarcin.fr\/salon-revelations\/#primaryimage\"},\"thumbnailUrl\":\"https:\/\/www.ghislainegarcin.fr\/wp-content\/uploads\/2025\/10\/standlogo.jpg\",\"datePublished\":\"2025-10-14T11:58:58+00:00\",\"dateModified\":\"2025-10-15T07:39:12+00:00\",\"description\":\"21>25 mai Paris, Biennale R\u00e9v\u00e9lations, sous la verri\u00e8re du Grand Palais.\",\"breadcrumb\":{\"@id\":\"https:\/\/www.ghislainegarcin.fr\/salon-revelations\/#breadcrumb\"},\"inLanguage\":\"en-GB\",\"potentialAction\":[{\"@type\":\"ReadAction\",\"target\":[\"https:\/\/www.ghislainegarcin.fr\/salon-revelations\/\"]}]},{\"@type\":\"ImageObject\",\"inLanguage\":\"en-GB\",\"@id\":\"https:\/\/www.ghislainegarcin.fr\/salon-revelations\/#primaryimage\",\"url\":\"https:\/\/www.ghislainegarcin.fr\/wp-content\/uploads\/2025\/10\/standlogo.jpg\",\"contentUrl\":\"https:\/\/www.ghislainegarcin.fr\/wp-content\/uploads\/2025\/10\/standlogo.jpg\",\"width\":1200,\"height\":1427},{\"@type\":\"BreadcrumbList\",\"@id\":\"https:\/\/www.ghislainegarcin.fr\/salon-revelations\/#breadcrumb\",\"itemListElement\":[{\"@type\":\"ListItem\",\"position\":1,\"name\":\"Accueil\",\"item\":\"https:\/\/www.ghislainegarcin.fr\/\"},{\"@type\":\"ListItem\",\"position\":2,\"name\":\"R\u00e9v\u00e9lations, Grand Palais, Paris mai 2025\"}]},{\"@type\":\"WebSite\",\"@id\":\"https:\/\/www.ghislainegarcin.fr\/#website\",\"url\":\"https:\/\/www.ghislainegarcin.fr\/\",\"name\":\"Ghislaine Garcin\",\"description\":\"feutre art textile\",\"publisher\":{\"@id\":\"https:\/\/www.ghislainegarcin.fr\/#organization\"},\"potentialAction\":[{\"@type\":\"SearchAction\",\"target\":{\"@type\":\"EntryPoint\",\"urlTemplate\":\"https:\/\/www.ghislainegarcin.fr\/?s={search_term_string}\"},\"query-input\":{\"@type\":\"PropertyValueSpecification\",\"valueRequired\":true,\"valueName\":\"search_term_string\"}}],\"inLanguage\":\"en-GB\"},{\"@type\":\"Organization\",\"@id\":\"https:\/\/www.ghislainegarcin.fr\/#organization\",\"name\":\"Ghislaine Garcin\",\"url\":\"https:\/\/www.ghislainegarcin.fr\/\",\"logo\":{\"@type\":\"ImageObject\",\"inLanguage\":\"en-GB\",\"@id\":\"https:\/\/www.ghislainegarcin.fr\/#\/schema\/logo\/image\/\",\"url\":\"https:\/\/www.ghislainegarcin.fr\/wp-content\/uploads\/2025\/10\/cropped-newlogofeutrearttextileBD.jpg\",\"contentUrl\":\"https:\/\/www.ghislainegarcin.fr\/wp-content\/uploads\/2025\/10\/cropped-newlogofeutrearttextileBD.jpg\",\"width\":384,\"height\":108,\"caption\":\"Ghislaine Garcin\"},\"image\":{\"@id\":\"https:\/\/www.ghislainegarcin.fr\/#\/schema\/logo\/image\/\"},\"sameAs\":[\"https:\/\/www.facebook.com\/ghislainegarcin.creationstextiles\/\",\"https:\/\/www.instagram.com\/ghislainegarcin\/\",\"https:\/\/www.linkedin.com\/in\/ghislainegarcin\/\"]},{\"@type\":\"Person\",\"@id\":\"https:\/\/www.ghislainegarcin.fr\/#\/schema\/person\/c642a6744de68b2102a53869327c18df\",\"name\":\"GHISLAINE GARCIN\",\"image\":{\"@type\":\"ImageObject\",\"inLanguage\":\"en-GB\",\"@id\":\"https:\/\/www.ghislainegarcin.fr\/#\/schema\/person\/image\/\",\"url\":\"https:\/\/secure.gravatar.com\/avatar\/b4bfd955b060a9b0fa034c2b6fcfdc41?s=96&d=mm&r=g\",\"contentUrl\":\"https:\/\/secure.gravatar.com\/avatar\/b4bfd955b060a9b0fa034c2b6fcfdc41?s=96&d=mm&r=g\",\"caption\":\"GHISLAINE GARCIN\"},\"url\":\"https:\/\/www.ghislainegarcin.fr\/en\/author\/admin\/\"}]}<\/script>\n<!-- \/ Yoast SEO plugin. -->","yoast_head_json":{"title":"Ghislaine Garcin R\u00e9v\u00e9lations, Grand Palais, Paris mai 2025 Actualit\u00e9s","description":"21>25 mai Paris, Biennale R\u00e9v\u00e9lations, sous la verri\u00e8re du Grand Palais.","robots":{"index":"index","follow":"follow","max-snippet":"max-snippet:-1","max-image-preview":"max-image-preview:large","max-video-preview":"max-video-preview:-1"},"canonical":"https:\/\/www.ghislainegarcin.fr\/en\/salon-revelations\/","og_locale":"en_GB","og_type":"article","og_title":"Ghislaine Garcin R\u00e9v\u00e9lations, Grand Palais, Paris mai 2025 Actualit\u00e9s","og_description":"21>25 mai Paris, Biennale R\u00e9v\u00e9lations, sous la verri\u00e8re du Grand Palais.","og_url":"https:\/\/www.ghislainegarcin.fr\/en\/salon-revelations\/","og_site_name":"Ghislaine Garcin","article_publisher":"https:\/\/www.facebook.com\/ghislainegarcin.creationstextiles\/","article_published_time":"2025-10-14T11:58:58+00:00","article_modified_time":"2025-10-15T07:39:12+00:00","og_image":[{"width":1200,"height":1427,"url":"https:\/\/www.ghislainegarcin.fr\/wp-content\/uploads\/2025\/10\/standlogo.jpg","type":"image\/jpeg"}],"author":"GHISLAINE GARCIN","twitter_card":"summary_large_image","twitter_misc":{"Written by":"GHISLAINE GARCIN","Estimated reading time":"1 minute"},"schema":{"@context":"https:\/\/schema.org","@graph":[{"@type":"Article","@id":"https:\/\/www.ghislainegarcin.fr\/salon-revelations\/#article","isPartOf":{"@id":"https:\/\/www.ghislainegarcin.fr\/salon-revelations\/"},"author":{"name":"GHISLAINE GARCIN","@id":"https:\/\/www.ghislainegarcin.fr\/#\/schema\/person\/c642a6744de68b2102a53869327c18df"},"headline":"R\u00e9v\u00e9lations, Grand Palais, Paris mai 2025","datePublished":"2025-10-14T11:58:58+00:00","dateModified":"2025-10-15T07:39:12+00:00","mainEntityOfPage":{"@id":"https:\/\/www.ghislainegarcin.fr\/salon-revelations\/"},"wordCount":124,"publisher":{"@id":"https:\/\/www.ghislainegarcin.fr\/#organization"},"image":{"@id":"https:\/\/www.ghislainegarcin.fr\/salon-revelations\/#primaryimage"},"thumbnailUrl":"https:\/\/www.ghislainegarcin.fr\/wp-content\/uploads\/2025\/10\/standlogo.jpg","articleSection":["Actualit\u00e9s"],"inLanguage":"en-GB"},{"@type":"WebPage","@id":"https:\/\/www.ghislainegarcin.fr\/salon-revelations\/","url":"https:\/\/www.ghislainegarcin.fr\/salon-revelations\/","name":"Ghislaine Garcin R\u00e9v\u00e9lations, Grand Palais, Paris mai 2025 Actualit\u00e9s","isPartOf":{"@id":"https:\/\/www.ghislainegarcin.fr\/#website"},"primaryImageOfPage":{"@id":"https:\/\/www.ghislainegarcin.fr\/salon-revelations\/#primaryimage"},"image":{"@id":"https:\/\/www.ghislainegarcin.fr\/salon-revelations\/#primaryimage"},"thumbnailUrl":"https:\/\/www.ghislainegarcin.fr\/wp-content\/uploads\/2025\/10\/standlogo.jpg","datePublished":"2025-10-14T11:58:58+00:00","dateModified":"2025-10-15T07:39:12+00:00","description":"21>25 mai Paris, Biennale R\u00e9v\u00e9lations, sous la verri\u00e8re du Grand Palais.","breadcrumb":{"@id":"https:\/\/www.ghislainegarcin.fr\/salon-revelations\/#breadcrumb"},"inLanguage":"en-GB","potentialAction":[{"@type":"ReadAction","target":["https:\/\/www.ghislainegarcin.fr\/salon-revelations\/"]}]},{"@type":"ImageObject","inLanguage":"en-GB","@id":"https:\/\/www.ghislainegarcin.fr\/salon-revelations\/#primaryimage","url":"https:\/\/www.ghislainegarcin.fr\/wp-content\/uploads\/2025\/10\/standlogo.jpg","contentUrl":"https:\/\/www.ghislainegarcin.fr\/wp-content\/uploads\/2025\/10\/standlogo.jpg","width":1200,"height":1427},{"@type":"BreadcrumbList","@id":"https:\/\/www.ghislainegarcin.fr\/salon-revelations\/#breadcrumb","itemListElement":[{"@type":"ListItem","position":1,"name":"Accueil","item":"https:\/\/www.ghislainegarcin.fr\/"},{"@type":"ListItem","position":2,"name":"R\u00e9v\u00e9lations, Grand Palais, Paris mai 2025"}]},{"@type":"WebSite","@id":"https:\/\/www.ghislainegarcin.fr\/#website","url":"https:\/\/www.ghislainegarcin.fr\/","name":"Ghislaine Garcin","description":"feutre art textile","publisher":{"@id":"https:\/\/www.ghislainegarcin.fr\/#organization"},"potentialAction":[{"@type":"SearchAction","target":{"@type":"EntryPoint","urlTemplate":"https:\/\/www.ghislainegarcin.fr\/?s={search_term_string}"},"query-input":{"@type":"PropertyValueSpecification","valueRequired":true,"valueName":"search_term_string"}}],"inLanguage":"en-GB"},{"@type":"Organization","@id":"https:\/\/www.ghislainegarcin.fr\/#organization","name":"Ghislaine Garcin","url":"https:\/\/www.ghislainegarcin.fr\/","logo":{"@type":"ImageObject","inLanguage":"en-GB","@id":"https:\/\/www.ghislainegarcin.fr\/#\/schema\/logo\/image\/","url":"https:\/\/www.ghislainegarcin.fr\/wp-content\/uploads\/2025\/10\/cropped-newlogofeutrearttextileBD.jpg","contentUrl":"https:\/\/www.ghislainegarcin.fr\/wp-content\/uploads\/2025\/10\/cropped-newlogofeutrearttextileBD.jpg","width":384,"height":108,"caption":"Ghislaine Garcin"},"image":{"@id":"https:\/\/www.ghislainegarcin.fr\/#\/schema\/logo\/image\/"},"sameAs":["https:\/\/www.facebook.com\/ghislainegarcin.creationstextiles\/","https:\/\/www.instagram.com\/ghislainegarcin\/","https:\/\/www.linkedin.com\/in\/ghislainegarcin\/"]},{"@type":"Person","@id":"https:\/\/www.ghislainegarcin.fr\/#\/schema\/person\/c642a6744de68b2102a53869327c18df","name":"GHISLAINE GARCIN","image":{"@type":"ImageObject","inLanguage":"en-GB","@id":"https:\/\/www.ghislainegarcin.fr\/#\/schema\/person\/image\/","url":"https:\/\/secure.gravatar.com\/avatar\/b4bfd955b060a9b0fa034c2b6fcfdc41?s=96&d=mm&r=g","contentUrl":"https:\/\/secure.gravatar.com\/avatar\/b4bfd955b060a9b0fa034c2b6fcfdc41?s=96&d=mm&r=g","caption":"GHISLAINE GARCIN"},"url":"https:\/\/www.ghislainegarcin.fr\/en\/author\/admin\/"}]}},"_links":{"self":[{"href":"https:\/\/www.ghislainegarcin.fr\/en\/wp-json\/wp\/v2\/posts\/4882"}],"collection":[{"href":"https:\/\/www.ghislainegarcin.fr\/en\/wp-json\/wp\/v2\/posts"}],"about":[{"href":"https:\/\/www.ghislainegarcin.fr\/en\/wp-json\/wp\/v2\/types\/post"}],"author":[{"embeddable":true,"href":"https:\/\/www.ghislainegarcin.fr\/en\/wp-json\/wp\/v2\/users\/1"}],"replies":[{"embeddable":true,"href":"https:\/\/www.ghislainegarcin.fr\/en\/wp-json\/wp\/v2\/comments?post=4882"}],"version-history":[{"count":8,"href":"https:\/\/www.ghislainegarcin.fr\/en\/wp-json\/wp\/v2\/posts\/4882\/revisions"}],"predecessor-version":[{"id":4947,"href":"https:\/\/www.ghislainegarcin.fr\/en\/wp-json\/wp\/v2\/posts\/4882\/revisions\/4947"}],"wp:featuredmedia":[{"embeddable":true,"href":"https:\/\/www.ghislainegarcin.fr\/en\/wp-json\/wp\/v2\/media\/4883"}],"wp:attachment":[{"href":"https:\/\/www.ghislainegarcin.fr\/en\/wp-json\/wp\/v2\/media?parent=4882"}],"wp:term":[{"taxonomy":"category","embeddable":true,"href":"https:\/\/www.ghislainegarcin.fr\/en\/wp-json\/wp\/v2\/categories?post=4882"},{"taxonomy":"post_tag","embeddable":true,"href":"https:\/\/www.ghislainegarcin.fr\/en\/wp-json\/wp\/v2\/tags?post=4882"}],"curies":[{"name":"wp","href":"https:\/\/api.w.org\/{rel}","templated":true}]}}