{"id":4889,"date":"2025-10-14T14:23:37","date_gmt":"2025-10-14T12:23:37","guid":{"rendered":"https:\/\/www.ghislainegarcin.fr\/?p=4889"},"modified":"2025-10-14T14:52:05","modified_gmt":"2025-10-14T12:52:05","slug":"artorama-bunker-calanques","status":"publish","type":"post","link":"https:\/\/www.ghislainegarcin.fr\/en\/artorama-bunker-calanques\/","title":{"rendered":"Le bunker des calanques\/Artorama, sept 2025"},"content":{"rendered":"<div data-elementor-type=\"wp-post\" data-elementor-id=\"4889\" class=\"elementor elementor-4889\">\n\t\t\t\t\t\t<section class=\"elementor-section elementor-top-section elementor-element elementor-element-3210817 elementor-section-boxed elementor-section-height-default elementor-section-height-default\" data-id=\"3210817\" data-element_type=\"section\">\n\t\t\t\t\t\t<div class=\"elementor-container elementor-column-gap-default\">\n\t\t\t\t\t<div class=\"elementor-column elementor-col-100 elementor-top-column elementor-element elementor-element-ec38849\" data-id=\"ec38849\" data-element_type=\"column\">\n\t\t\t<div class=\"elementor-widget-wrap elementor-element-populated\">\n\t\t\t\t\t\t<div class=\"elementor-element elementor-element-740f0a7 elementor-widget elementor-widget-text-editor\" data-id=\"740f0a7\" data-element_type=\"widget\" data-widget_type=\"text-editor.default\">\n\t\t\t\t<div class=\"elementor-widget-container\">\n\t\t\t\t\t\t\t\t\t<p>N\u00e9 \u00e0 Marseille, le projet baptis\u00e9 <em>Vaisseaux<\/em> a \u00e9t\u00e9 initi\u00e9 par <span style=\"color: #824e24;\"><strong><a style=\"color: #824e24;\" href=\"https:\/\/www.instagram.com\/caroline_pelletti_victor\/\">Caroline Pelletti-Victor<\/a><\/strong><\/span>, infatigable instigatrice de propositions artistiques. A travers ces derni\u00e8res, elle encourage l&rsquo;\u00e9mergence de nouvelles r\u00e9flexions, la cr\u00e9ation d&rsquo;\u0153uvres collaboratives et organise des rencontres entre les cr\u00e9ateurs ainsi qu&rsquo;avec leur public, notamment dans son lieu unique, le Bunker des Calanques.<\/p><p><span style=\"color: #824e24;\"><strong><a style=\"color: #824e24;\" href=\"https:\/\/www.instagram.com\/vaisseauxfuneraires\/\"><em>Vaisseaux<\/em><\/a><\/strong><\/span> \u2014Urnes fun\u00e9raires contemporaines\u2014 est loin d&rsquo;\u00eatre un sujet mortif\u00e8re, c&rsquo;est au contraine une approche sensible, po\u00e9tique et innovante du fun\u00e9raire. Chaque vaisseau est une \u0153uvre, unique, con\u00e7ue avec soin et intention, \u00e0 la crois\u00e9e de l&rsquo;art, du rituel et aussi de l&rsquo;engagement \u00e9cologique.<\/p><p>Mo-Poko n&rsquo;est pas une urne \u00e0 proprement parler, c&rsquo;est un objet m\u00e9moriel qui recelle un secret discr\u00e8tement nich\u00e9 au fond de son socle en forme de barque \u2014qui n&rsquo;est pas sans \u00e9voquer le Styx\u2014, une petite bo\u00eete en mesure de recueillir un fragment des cendres, une photo, une m\u00e8che de cheveux ou un petit objet ayant appartenu \u00e0 la personne disparue. Ses tiges tress\u00e9es symbolisent le lien qui existent entre celle.ux qui partent et celle.ux qui restent, quant aux tiges dress\u00e9es vers le ciel, l&rsquo;\u00e9lan vital et l&rsquo;espoir.<\/p><p>Photo <a href=\"https:\/\/www.instagram.com\/davidgirard.photographe\/\">\u00a9 David Girard<\/a><\/p>\t\t\t\t\t\t\t\t<\/div>\n\t\t\t\t<\/div>\n\t\t\t\t\t<\/div>\n\t\t<\/div>\n\t\t\t\t\t<\/div>\n\t\t<\/section>\n\t\t\t\t<\/div>","protected":false},"excerpt":{"rendered":"<p>N\u00e9 \u00e0 Marseille, le projet baptis\u00e9 Vaisseaux a \u00e9t\u00e9 initi\u00e9 par Caroline Pelletti-Victor, infatigable instigatrice de propositions artistiques. A travers ces derni\u00e8res, elle encourage l&rsquo;\u00e9mergence de nouvelles r\u00e9flexions, la cr\u00e9ation d&rsquo;\u0153uvres collaboratives et organise des rencontres entre les cr\u00e9ateurs ainsi qu&rsquo;avec leur public, notamment dans son lieu unique, le Bunker des Calanques. Vaisseaux \u2014Urnes fun\u00e9raires &hellip; <\/p>","protected":false},"author":1,"featured_media":4896,"comment_status":"closed","ping_status":"closed","sticky":false,"template":"","format":"standard","meta":{"footnotes":""},"categories":[3],"tags":[],"yoast_head":"<!-- This site is optimized with the Yoast SEO plugin v23.5 - https:\/\/yoast.com\/wordpress\/plugins\/seo\/ -->\n<title>Ghislaine Garcin Le bunker des calanques\/Artorama, sept 2025 Actualit\u00e9s<\/title>\n<meta name=\"description\" content=\"Vaisseaux fun\u00e9raires par Caroline Pelleti Victor, au Bunker des Calanques dans le cadre du Parcours Artorama Marseille.\" \/>\n<meta name=\"robots\" content=\"index, follow, max-snippet:-1, max-image-preview:large, max-video-preview:-1\" \/>\n<link rel=\"canonical\" href=\"https:\/\/www.ghislainegarcin.fr\/en\/artorama-bunker-calanques\/\" \/>\n<meta property=\"og:locale\" content=\"en_GB\" \/>\n<meta property=\"og:type\" content=\"article\" \/>\n<meta property=\"og:title\" content=\"Ghislaine Garcin Le bunker des calanques\/Artorama, sept 2025 Actualit\u00e9s\" \/>\n<meta property=\"og:description\" content=\"Vaisseaux fun\u00e9raires par Caroline Pelleti Victor, au Bunker des Calanques dans le cadre du Parcours Artorama Marseille.\" \/>\n<meta property=\"og:url\" content=\"https:\/\/www.ghislainegarcin.fr\/en\/artorama-bunker-calanques\/\" \/>\n<meta property=\"og:site_name\" content=\"Ghislaine Garcin\" \/>\n<meta property=\"article:publisher\" content=\"https:\/\/www.facebook.com\/ghislainegarcin.creationstextiles\/\" \/>\n<meta property=\"article:published_time\" content=\"2025-10-14T12:23:37+00:00\" \/>\n<meta property=\"article:modified_time\" content=\"2025-10-14T12:52:05+00:00\" \/>\n<meta property=\"og:image\" content=\"https:\/\/www.ghislainegarcin.fr\/wp-content\/uploads\/2025\/10\/Vaisseaux-2-01Aout\u00a9DavidGirard2025-33-copie.jpg\" \/>\n\t<meta property=\"og:image:width\" content=\"874\" \/>\n\t<meta property=\"og:image:height\" content=\"1311\" \/>\n\t<meta property=\"og:image:type\" content=\"image\/jpeg\" \/>\n<meta name=\"author\" content=\"GHISLAINE GARCIN\" \/>\n<meta name=\"twitter:card\" content=\"summary_large_image\" \/>\n<meta name=\"twitter:label1\" content=\"Written by\" \/>\n\t<meta name=\"twitter:data1\" content=\"GHISLAINE GARCIN\" \/>\n\t<meta name=\"twitter:label2\" content=\"Estimated reading time\" \/>\n\t<meta name=\"twitter:data2\" content=\"1 minute\" \/>\n<script type=\"application\/ld+json\" class=\"yoast-schema-graph\">{\"@context\":\"https:\/\/schema.org\",\"@graph\":[{\"@type\":\"Article\",\"@id\":\"https:\/\/www.ghislainegarcin.fr\/artorama-bunker-calanques\/#article\",\"isPartOf\":{\"@id\":\"https:\/\/www.ghislainegarcin.fr\/artorama-bunker-calanques\/\"},\"author\":{\"name\":\"GHISLAINE GARCIN\",\"@id\":\"https:\/\/www.ghislainegarcin.fr\/#\/schema\/person\/c642a6744de68b2102a53869327c18df\"},\"headline\":\"Le bunker des calanques\/Artorama, sept 2025\",\"datePublished\":\"2025-10-14T12:23:37+00:00\",\"dateModified\":\"2025-10-14T12:52:05+00:00\",\"mainEntityOfPage\":{\"@id\":\"https:\/\/www.ghislainegarcin.fr\/artorama-bunker-calanques\/\"},\"wordCount\":211,\"publisher\":{\"@id\":\"https:\/\/www.ghislainegarcin.fr\/#organization\"},\"image\":{\"@id\":\"https:\/\/www.ghislainegarcin.fr\/artorama-bunker-calanques\/#primaryimage\"},\"thumbnailUrl\":\"https:\/\/www.ghislainegarcin.fr\/wp-content\/uploads\/2025\/10\/Vaisseaux-2-01Aout\u00a9DavidGirard2025-33-copie.jpg\",\"articleSection\":[\"Actualit\u00e9s\"],\"inLanguage\":\"en-GB\"},{\"@type\":\"WebPage\",\"@id\":\"https:\/\/www.ghislainegarcin.fr\/artorama-bunker-calanques\/\",\"url\":\"https:\/\/www.ghislainegarcin.fr\/artorama-bunker-calanques\/\",\"name\":\"Ghislaine Garcin Le bunker des calanques\/Artorama, sept 2025 Actualit\u00e9s\",\"isPartOf\":{\"@id\":\"https:\/\/www.ghislainegarcin.fr\/#website\"},\"primaryImageOfPage\":{\"@id\":\"https:\/\/www.ghislainegarcin.fr\/artorama-bunker-calanques\/#primaryimage\"},\"image\":{\"@id\":\"https:\/\/www.ghislainegarcin.fr\/artorama-bunker-calanques\/#primaryimage\"},\"thumbnailUrl\":\"https:\/\/www.ghislainegarcin.fr\/wp-content\/uploads\/2025\/10\/Vaisseaux-2-01Aout\u00a9DavidGirard2025-33-copie.jpg\",\"datePublished\":\"2025-10-14T12:23:37+00:00\",\"dateModified\":\"2025-10-14T12:52:05+00:00\",\"description\":\"Vaisseaux fun\u00e9raires par Caroline Pelleti Victor, au Bunker des Calanques dans le cadre du Parcours Artorama Marseille.\",\"breadcrumb\":{\"@id\":\"https:\/\/www.ghislainegarcin.fr\/artorama-bunker-calanques\/#breadcrumb\"},\"inLanguage\":\"en-GB\",\"potentialAction\":[{\"@type\":\"ReadAction\",\"target\":[\"https:\/\/www.ghislainegarcin.fr\/artorama-bunker-calanques\/\"]}]},{\"@type\":\"ImageObject\",\"inLanguage\":\"en-GB\",\"@id\":\"https:\/\/www.ghislainegarcin.fr\/artorama-bunker-calanques\/#primaryimage\",\"url\":\"https:\/\/www.ghislainegarcin.fr\/wp-content\/uploads\/2025\/10\/Vaisseaux-2-01Aout\u00a9DavidGirard2025-33-copie.jpg\",\"contentUrl\":\"https:\/\/www.ghislainegarcin.fr\/wp-content\/uploads\/2025\/10\/Vaisseaux-2-01Aout\u00a9DavidGirard2025-33-copie.jpg\",\"width\":874,\"height\":1311},{\"@type\":\"BreadcrumbList\",\"@id\":\"https:\/\/www.ghislainegarcin.fr\/artorama-bunker-calanques\/#breadcrumb\",\"itemListElement\":[{\"@type\":\"ListItem\",\"position\":1,\"name\":\"Accueil\",\"item\":\"https:\/\/www.ghislainegarcin.fr\/\"},{\"@type\":\"ListItem\",\"position\":2,\"name\":\"Le bunker des calanques\/Artorama, sept 2025\"}]},{\"@type\":\"WebSite\",\"@id\":\"https:\/\/www.ghislainegarcin.fr\/#website\",\"url\":\"https:\/\/www.ghislainegarcin.fr\/\",\"name\":\"Ghislaine Garcin\",\"description\":\"feutre art textile\",\"publisher\":{\"@id\":\"https:\/\/www.ghislainegarcin.fr\/#organization\"},\"potentialAction\":[{\"@type\":\"SearchAction\",\"target\":{\"@type\":\"EntryPoint\",\"urlTemplate\":\"https:\/\/www.ghislainegarcin.fr\/?s={search_term_string}\"},\"query-input\":{\"@type\":\"PropertyValueSpecification\",\"valueRequired\":true,\"valueName\":\"search_term_string\"}}],\"inLanguage\":\"en-GB\"},{\"@type\":\"Organization\",\"@id\":\"https:\/\/www.ghislainegarcin.fr\/#organization\",\"name\":\"Ghislaine Garcin\",\"url\":\"https:\/\/www.ghislainegarcin.fr\/\",\"logo\":{\"@type\":\"ImageObject\",\"inLanguage\":\"en-GB\",\"@id\":\"https:\/\/www.ghislainegarcin.fr\/#\/schema\/logo\/image\/\",\"url\":\"https:\/\/www.ghislainegarcin.fr\/wp-content\/uploads\/2025\/10\/cropped-newlogofeutrearttextileBD.jpg\",\"contentUrl\":\"https:\/\/www.ghislainegarcin.fr\/wp-content\/uploads\/2025\/10\/cropped-newlogofeutrearttextileBD.jpg\",\"width\":384,\"height\":108,\"caption\":\"Ghislaine Garcin\"},\"image\":{\"@id\":\"https:\/\/www.ghislainegarcin.fr\/#\/schema\/logo\/image\/\"},\"sameAs\":[\"https:\/\/www.facebook.com\/ghislainegarcin.creationstextiles\/\",\"https:\/\/www.instagram.com\/ghislainegarcin\/\",\"https:\/\/www.linkedin.com\/in\/ghislainegarcin\/\"]},{\"@type\":\"Person\",\"@id\":\"https:\/\/www.ghislainegarcin.fr\/#\/schema\/person\/c642a6744de68b2102a53869327c18df\",\"name\":\"GHISLAINE GARCIN\",\"image\":{\"@type\":\"ImageObject\",\"inLanguage\":\"en-GB\",\"@id\":\"https:\/\/www.ghislainegarcin.fr\/#\/schema\/person\/image\/\",\"url\":\"https:\/\/secure.gravatar.com\/avatar\/b4bfd955b060a9b0fa034c2b6fcfdc41?s=96&d=mm&r=g\",\"contentUrl\":\"https:\/\/secure.gravatar.com\/avatar\/b4bfd955b060a9b0fa034c2b6fcfdc41?s=96&d=mm&r=g\",\"caption\":\"GHISLAINE GARCIN\"},\"url\":\"https:\/\/www.ghislainegarcin.fr\/en\/author\/admin\/\"}]}<\/script>\n<!-- \/ Yoast SEO plugin. -->","yoast_head_json":{"title":"Ghislaine Garcin Le bunker des calanques\/Artorama, sept 2025 Actualit\u00e9s","description":"Vaisseaux fun\u00e9raires par Caroline Pelleti Victor, au Bunker des Calanques dans le cadre du Parcours Artorama Marseille.","robots":{"index":"index","follow":"follow","max-snippet":"max-snippet:-1","max-image-preview":"max-image-preview:large","max-video-preview":"max-video-preview:-1"},"canonical":"https:\/\/www.ghislainegarcin.fr\/en\/artorama-bunker-calanques\/","og_locale":"en_GB","og_type":"article","og_title":"Ghislaine Garcin Le bunker des calanques\/Artorama, sept 2025 Actualit\u00e9s","og_description":"Vaisseaux fun\u00e9raires par Caroline Pelleti Victor, au Bunker des Calanques dans le cadre du Parcours Artorama Marseille.","og_url":"https:\/\/www.ghislainegarcin.fr\/en\/artorama-bunker-calanques\/","og_site_name":"Ghislaine Garcin","article_publisher":"https:\/\/www.facebook.com\/ghislainegarcin.creationstextiles\/","article_published_time":"2025-10-14T12:23:37+00:00","article_modified_time":"2025-10-14T12:52:05+00:00","og_image":[{"width":874,"height":1311,"url":"https:\/\/www.ghislainegarcin.fr\/wp-content\/uploads\/2025\/10\/Vaisseaux-2-01Aout\u00a9DavidGirard2025-33-copie.jpg","type":"image\/jpeg"}],"author":"GHISLAINE GARCIN","twitter_card":"summary_large_image","twitter_misc":{"Written by":"GHISLAINE GARCIN","Estimated reading time":"1 minute"},"schema":{"@context":"https:\/\/schema.org","@graph":[{"@type":"Article","@id":"https:\/\/www.ghislainegarcin.fr\/artorama-bunker-calanques\/#article","isPartOf":{"@id":"https:\/\/www.ghislainegarcin.fr\/artorama-bunker-calanques\/"},"author":{"name":"GHISLAINE GARCIN","@id":"https:\/\/www.ghislainegarcin.fr\/#\/schema\/person\/c642a6744de68b2102a53869327c18df"},"headline":"Le bunker des calanques\/Artorama, sept 2025","datePublished":"2025-10-14T12:23:37+00:00","dateModified":"2025-10-14T12:52:05+00:00","mainEntityOfPage":{"@id":"https:\/\/www.ghislainegarcin.fr\/artorama-bunker-calanques\/"},"wordCount":211,"publisher":{"@id":"https:\/\/www.ghislainegarcin.fr\/#organization"},"image":{"@id":"https:\/\/www.ghislainegarcin.fr\/artorama-bunker-calanques\/#primaryimage"},"thumbnailUrl":"https:\/\/www.ghislainegarcin.fr\/wp-content\/uploads\/2025\/10\/Vaisseaux-2-01Aout\u00a9DavidGirard2025-33-copie.jpg","articleSection":["Actualit\u00e9s"],"inLanguage":"en-GB"},{"@type":"WebPage","@id":"https:\/\/www.ghislainegarcin.fr\/artorama-bunker-calanques\/","url":"https:\/\/www.ghislainegarcin.fr\/artorama-bunker-calanques\/","name":"Ghislaine Garcin Le bunker des calanques\/Artorama, sept 2025 Actualit\u00e9s","isPartOf":{"@id":"https:\/\/www.ghislainegarcin.fr\/#website"},"primaryImageOfPage":{"@id":"https:\/\/www.ghislainegarcin.fr\/artorama-bunker-calanques\/#primaryimage"},"image":{"@id":"https:\/\/www.ghislainegarcin.fr\/artorama-bunker-calanques\/#primaryimage"},"thumbnailUrl":"https:\/\/www.ghislainegarcin.fr\/wp-content\/uploads\/2025\/10\/Vaisseaux-2-01Aout\u00a9DavidGirard2025-33-copie.jpg","datePublished":"2025-10-14T12:23:37+00:00","dateModified":"2025-10-14T12:52:05+00:00","description":"Vaisseaux fun\u00e9raires par Caroline Pelleti Victor, au Bunker des Calanques dans le cadre du Parcours Artorama Marseille.","breadcrumb":{"@id":"https:\/\/www.ghislainegarcin.fr\/artorama-bunker-calanques\/#breadcrumb"},"inLanguage":"en-GB","potentialAction":[{"@type":"ReadAction","target":["https:\/\/www.ghislainegarcin.fr\/artorama-bunker-calanques\/"]}]},{"@type":"ImageObject","inLanguage":"en-GB","@id":"https:\/\/www.ghislainegarcin.fr\/artorama-bunker-calanques\/#primaryimage","url":"https:\/\/www.ghislainegarcin.fr\/wp-content\/uploads\/2025\/10\/Vaisseaux-2-01Aout\u00a9DavidGirard2025-33-copie.jpg","contentUrl":"https:\/\/www.ghislainegarcin.fr\/wp-content\/uploads\/2025\/10\/Vaisseaux-2-01Aout\u00a9DavidGirard2025-33-copie.jpg","width":874,"height":1311},{"@type":"BreadcrumbList","@id":"https:\/\/www.ghislainegarcin.fr\/artorama-bunker-calanques\/#breadcrumb","itemListElement":[{"@type":"ListItem","position":1,"name":"Accueil","item":"https:\/\/www.ghislainegarcin.fr\/"},{"@type":"ListItem","position":2,"name":"Le bunker des calanques\/Artorama, sept 2025"}]},{"@type":"WebSite","@id":"https:\/\/www.ghislainegarcin.fr\/#website","url":"https:\/\/www.ghislainegarcin.fr\/","name":"Ghislaine Garcin","description":"feutre art textile","publisher":{"@id":"https:\/\/www.ghislainegarcin.fr\/#organization"},"potentialAction":[{"@type":"SearchAction","target":{"@type":"EntryPoint","urlTemplate":"https:\/\/www.ghislainegarcin.fr\/?s={search_term_string}"},"query-input":{"@type":"PropertyValueSpecification","valueRequired":true,"valueName":"search_term_string"}}],"inLanguage":"en-GB"},{"@type":"Organization","@id":"https:\/\/www.ghislainegarcin.fr\/#organization","name":"Ghislaine Garcin","url":"https:\/\/www.ghislainegarcin.fr\/","logo":{"@type":"ImageObject","inLanguage":"en-GB","@id":"https:\/\/www.ghislainegarcin.fr\/#\/schema\/logo\/image\/","url":"https:\/\/www.ghislainegarcin.fr\/wp-content\/uploads\/2025\/10\/cropped-newlogofeutrearttextileBD.jpg","contentUrl":"https:\/\/www.ghislainegarcin.fr\/wp-content\/uploads\/2025\/10\/cropped-newlogofeutrearttextileBD.jpg","width":384,"height":108,"caption":"Ghislaine Garcin"},"image":{"@id":"https:\/\/www.ghislainegarcin.fr\/#\/schema\/logo\/image\/"},"sameAs":["https:\/\/www.facebook.com\/ghislainegarcin.creationstextiles\/","https:\/\/www.instagram.com\/ghislainegarcin\/","https:\/\/www.linkedin.com\/in\/ghislainegarcin\/"]},{"@type":"Person","@id":"https:\/\/www.ghislainegarcin.fr\/#\/schema\/person\/c642a6744de68b2102a53869327c18df","name":"GHISLAINE GARCIN","image":{"@type":"ImageObject","inLanguage":"en-GB","@id":"https:\/\/www.ghislainegarcin.fr\/#\/schema\/person\/image\/","url":"https:\/\/secure.gravatar.com\/avatar\/b4bfd955b060a9b0fa034c2b6fcfdc41?s=96&d=mm&r=g","contentUrl":"https:\/\/secure.gravatar.com\/avatar\/b4bfd955b060a9b0fa034c2b6fcfdc41?s=96&d=mm&r=g","caption":"GHISLAINE GARCIN"},"url":"https:\/\/www.ghislainegarcin.fr\/en\/author\/admin\/"}]}},"_links":{"self":[{"href":"https:\/\/www.ghislainegarcin.fr\/en\/wp-json\/wp\/v2\/posts\/4889"}],"collection":[{"href":"https:\/\/www.ghislainegarcin.fr\/en\/wp-json\/wp\/v2\/posts"}],"about":[{"href":"https:\/\/www.ghislainegarcin.fr\/en\/wp-json\/wp\/v2\/types\/post"}],"author":[{"embeddable":true,"href":"https:\/\/www.ghislainegarcin.fr\/en\/wp-json\/wp\/v2\/users\/1"}],"replies":[{"embeddable":true,"href":"https:\/\/www.ghislainegarcin.fr\/en\/wp-json\/wp\/v2\/comments?post=4889"}],"version-history":[{"count":7,"href":"https:\/\/www.ghislainegarcin.fr\/en\/wp-json\/wp\/v2\/posts\/4889\/revisions"}],"predecessor-version":[{"id":4905,"href":"https:\/\/www.ghislainegarcin.fr\/en\/wp-json\/wp\/v2\/posts\/4889\/revisions\/4905"}],"wp:featuredmedia":[{"embeddable":true,"href":"https:\/\/www.ghislainegarcin.fr\/en\/wp-json\/wp\/v2\/media\/4896"}],"wp:attachment":[{"href":"https:\/\/www.ghislainegarcin.fr\/en\/wp-json\/wp\/v2\/media?parent=4889"}],"wp:term":[{"taxonomy":"category","embeddable":true,"href":"https:\/\/www.ghislainegarcin.fr\/en\/wp-json\/wp\/v2\/categories?post=4889"},{"taxonomy":"post_tag","embeddable":true,"href":"https:\/\/www.ghislainegarcin.fr\/en\/wp-json\/wp\/v2\/tags?post=4889"}],"curies":[{"name":"wp","href":"https:\/\/api.w.org\/{rel}","templated":true}]}}